{"id":4311,"date":"2023-06-02T05:30:00","date_gmt":"2023-06-02T03:30:00","guid":{"rendered":"https:\/\/winebrotherhoods.org\/2022\/12\/04\/2023-f-i-c-b-international-congress-in-portugal\/"},"modified":"2023-07-05T19:00:46","modified_gmt":"2023-07-05T17:00:46","slug":"2023-f-i-c-b-international-congress-in-portugal","status":"publish","type":"post","link":"https:\/\/winebrotherhoods.org\/en\/2023\/06\/02\/2023-f-i-c-b-international-congress-in-portugal\/","title":{"rendered":"The 52nd F.I.C.B. International Congress in Portugal: a great success"},"content":{"rendered":"\n<figure class=\"wp-block-image size-full\"><img fetchpriority=\"high\" decoding=\"async\" width=\"800\" height=\"533\" src=\"https:\/\/winebrotherhoods.org\/wp-content\/uploads\/2023\/05\/FICB_Congres_20232_Ouverture.jpg\" alt=\"\" class=\"wp-image-6036\" srcset=\"https:\/\/winebrotherhoods.org\/wp-content\/uploads\/2023\/05\/FICB_Congres_20232_Ouverture.jpg 800w, https:\/\/winebrotherhoods.org\/wp-content\/uploads\/2023\/05\/FICB_Congres_20232_Ouverture-300x200.jpg 300w, https:\/\/winebrotherhoods.org\/wp-content\/uploads\/2023\/05\/FICB_Congres_20232_Ouverture-768x512.jpg 768w\" sizes=\"(max-width: 800px) 100vw, 800px\" \/><\/figure>\n\n\n\n<p>The <strong><sup>52nd<\/sup> F.I.C.B. International Congress<\/strong> opened on Saturday 27 May with <a href=\"https:\/\/we.tl\/t-hcL5krE9iP\">a speech by the President of the Portuguese Republic Marcelo Rebelo de Sousa<\/a> and a message from Eduardo-Vitor Rodrigues, the Mayor of Vila Nova de Gaia, where the Congress is based. The President of F.I.C.B., Alan Bryden, then underlined the joy of the reunion after a long period troubled by the pandemic, during which the federation and its members had nevertheless maintained links and initiatives. The President of the Portuguese Federation of Wine Brotherhoods, Pedro Rego, and the President of the Congress Organising Committee, Albino Jorge de Sousa, then welcomed the 250 or so participants and presented the fantastic programme that would take them to the most beautiful wine-growing regions of Portugal and the country&#8217;s leading centres of wine tourism. <\/p>\n\n\n\n<figure class=\"wp-block-image size-full\"><img decoding=\"async\" width=\"800\" height=\"533\" src=\"https:\/\/winebrotherhoods.org\/wp-content\/uploads\/2023\/05\/FICB_Congres_20232_Ouverture_2.jpg\" alt=\"\" class=\"wp-image-6038\" srcset=\"https:\/\/winebrotherhoods.org\/wp-content\/uploads\/2023\/05\/FICB_Congres_20232_Ouverture_2.jpg 800w, https:\/\/winebrotherhoods.org\/wp-content\/uploads\/2023\/05\/FICB_Congres_20232_Ouverture_2-300x200.jpg 300w, https:\/\/winebrotherhoods.org\/wp-content\/uploads\/2023\/05\/FICB_Congres_20232_Ouverture_2-768x512.jpg 768w\" sizes=\"(max-width: 800px) 100vw, 800px\" \/><\/figure>\n\n\n\n<p>The Portuguese wine brotherhoods have made a major contribution to this rich programme, demonstrating their vitality in the service of the traditions and promotion of the wines of this country, the 4<sup>th<\/sup> largest producer in Europe and the 8<sup>th<\/sup> largest in the world.<\/p>\n\n\n\n<p>On 28 May, the delegates gathered in the magnificent church of the Sacred Heart in Viana do Castelo, in the far north of the country, for a mass celebrated by the bishop of the town and broadcast live on Portuguese television. <\/p>\n\n\n\n<figure class=\"wp-block-image size-full\"><img decoding=\"async\" width=\"1000\" height=\"666\" src=\"https:\/\/winebrotherhoods.org\/wp-content\/uploads\/2023\/05\/FICB_Congres_20232_Viana_groupe_2.jpg\" alt=\"\" class=\"wp-image-6040\" srcset=\"https:\/\/winebrotherhoods.org\/wp-content\/uploads\/2023\/05\/FICB_Congres_20232_Viana_groupe_2.jpg 1000w, https:\/\/winebrotherhoods.org\/wp-content\/uploads\/2023\/05\/FICB_Congres_20232_Viana_groupe_2-300x200.jpg 300w, https:\/\/winebrotherhoods.org\/wp-content\/uploads\/2023\/05\/FICB_Congres_20232_Viana_groupe_2-768x511.jpg 768w\" sizes=\"(max-width: 1000px) 100vw, 1000px\" \/><\/figure>\n\n\n\n<p>They then visited the Quinta del Castelo in the Vinho Verde wine-growing region, where they had lunch and enjoyed the local wines. A grand parade in brotherhood costumes then took place through the streets of the town, concluding with the ceremony of induction into the Confraria do Vinho Verde.<\/p>\n\n\n\n<figure class=\"wp-block-image size-full\"><img loading=\"lazy\" decoding=\"async\" width=\"880\" height=\"501\" src=\"https:\/\/winebrotherhoods.org\/wp-content\/uploads\/2023\/06\/introverde.jpeg\" alt=\"\" class=\"wp-image-6056\" srcset=\"https:\/\/winebrotherhoods.org\/wp-content\/uploads\/2023\/06\/introverde.jpeg 880w, https:\/\/winebrotherhoods.org\/wp-content\/uploads\/2023\/06\/introverde-300x171.jpeg 300w, https:\/\/winebrotherhoods.org\/wp-content\/uploads\/2023\/06\/introverde-768x437.jpeg 768w\" sizes=\"(max-width: 880px) 100vw, 880px\" \/><\/figure>\n\n\n\n<p>The day of 29 May was devoted to a visit to the Douro region and its tiered vineyards on the banks of the river.<\/p>\n\n\n\n<figure class=\"wp-block-image size-full\"><img loading=\"lazy\" decoding=\"async\" width=\"880\" height=\"426\" src=\"https:\/\/winebrotherhoods.org\/wp-content\/uploads\/2023\/06\/pacheca.jpeg\" alt=\"\" class=\"wp-image-6052\" srcset=\"https:\/\/winebrotherhoods.org\/wp-content\/uploads\/2023\/06\/pacheca.jpeg 880w, https:\/\/winebrotherhoods.org\/wp-content\/uploads\/2023\/06\/pacheca-300x145.jpeg 300w, https:\/\/winebrotherhoods.org\/wp-content\/uploads\/2023\/06\/pacheca-768x372.jpeg 768w\" sizes=\"(max-width: 880px) 100vw, 880px\" \/><\/figure>\n\n\n\n<p> The visit to the Quinta de Pacheca, one of the region&#8217;s emblematic productions, will leave an unforgettable impression on the participants, as much for the beauty of the place as for the quality of the wines and the gastronomy, and the happy atmosphere of the banquet. <\/p>\n\n\n\n<figure class=\"wp-block-image size-full\"><img loading=\"lazy\" decoding=\"async\" width=\"780\" height=\"419\" src=\"https:\/\/winebrotherhoods.org\/wp-content\/uploads\/2023\/06\/banquetdouro.jpeg\" alt=\"\" class=\"wp-image-6054\" srcset=\"https:\/\/winebrotherhoods.org\/wp-content\/uploads\/2023\/06\/banquetdouro.jpeg 780w, https:\/\/winebrotherhoods.org\/wp-content\/uploads\/2023\/06\/banquetdouro-300x161.jpeg 300w, https:\/\/winebrotherhoods.org\/wp-content\/uploads\/2023\/06\/banquetdouro-768x413.jpeg 768w\" sizes=\"(max-width: 780px) 100vw, 780px\" \/><\/figure>\n\n\n\n<p>The return journey to Porto was made by boat, passing through the highest locks in Europe (32m) and arriving in Gaia to much fanfare.<\/p>\n\n\n\n<p>May 30th kicked off with the Congress&#8217; \u201cScientific Forum\u201d, with presentations on:<\/p>\n\n\n\n<p>&#8211; the contribution of the Port and Douro Wines Institute to the World Health Organisation&#8217;s integrated \u201cone health\u201d approach (human, animal, plant and environmental health) and to the necessary adaptations in viticulture to the changes affecting the planet<\/p>\n\n\n\n<p>&#8211; wine and culture in Portugal<br>&#8211; the contribution of wine brotherhoods to wine marketing<br>&#8211; corks, wine and sustainable development<br>&#8211; the wine-growing landscapes of the Alto Douro, recognised by UNESCO as a World Heritage Site.<\/p>\n\n\n\n<p>This was followed by a tasting of wines from the region and those brought in by a number of delegations, with a special mention for the presentation by the Knights of the Vine of Japan of a selection of wines produced in Japan &#8230;<\/p>\n\n\n\n<figure class=\"wp-block-image aligncenter size-full is-resized\"><img loading=\"lazy\" decoding=\"async\" src=\"https:\/\/winebrotherhoods.org\/wp-content\/uploads\/2023\/06\/degustation.jpeg\" alt=\"\" class=\"wp-image-6062\" width=\"480\" height=\"290\" srcset=\"https:\/\/winebrotherhoods.org\/wp-content\/uploads\/2023\/06\/degustation.jpeg 580w, https:\/\/winebrotherhoods.org\/wp-content\/uploads\/2023\/06\/degustation-300x182.jpeg 300w\" sizes=\"(max-width: 480px) 100vw, 480px\" \/><\/figure>\n\n\n\n<p>The afternoon was marked by a magnificent parade in full regalia and fanfare through Vila Nova de Gaia, which continued through the city of Porto to the historic Customs House, where the ceremony of induction into the Brotherhood of the Wines of Porto was held. <\/p>\n\n\n\n<figure class=\"wp-block-image size-full\"><img loading=\"lazy\" decoding=\"async\" width=\"800\" height=\"600\" src=\"https:\/\/winebrotherhoods.org\/wp-content\/uploads\/2023\/06\/introporto2.jpg\" alt=\"\" class=\"wp-image-6064\" srcset=\"https:\/\/winebrotherhoods.org\/wp-content\/uploads\/2023\/06\/introporto2.jpg 800w, https:\/\/winebrotherhoods.org\/wp-content\/uploads\/2023\/06\/introporto2-300x225.jpg 300w, https:\/\/winebrotherhoods.org\/wp-content\/uploads\/2023\/06\/introporto2-768x576.jpg 768w\" sizes=\"(max-width: 800px) 100vw, 800px\" \/><\/figure>\n\n\n\n<p>This was also the venue for the Congress gala dinner, which ended with fado music and a fireworks display that set the city sky alight and brought this magnificent edition of our international congress to a fitting close!<\/p>\n\n\n\n<p>Our thanks go to the organisers, Albino Jorge de Sousa, President of the F.I.C.B. 2023 Congress, and Pedro Rego, President of the Portuguese Federation of Wine Brotherhoods, and their teams, who managed this wonderful event so magnificently.<\/p>\n\n\n\n<figure class=\"wp-block-image aligncenter size-full is-resized\"><img loading=\"lazy\" decoding=\"async\" src=\"https:\/\/winebrotherhoods.org\/wp-content\/uploads\/2023\/06\/passation.jpeg\" alt=\"\" class=\"wp-image-6066\" width=\"384\" height=\"414\" srcset=\"https:\/\/winebrotherhoods.org\/wp-content\/uploads\/2023\/06\/passation.jpeg 588w, https:\/\/winebrotherhoods.org\/wp-content\/uploads\/2023\/06\/passation-278x300.jpeg 278w\" sizes=\"(max-width: 384px) 100vw, 384px\" \/><figcaption class=\"wp-element-caption\">The FICB banner was handed over to the organiser of the next FICB Congress, the Ordre de M\u00e9duse, represented by its Commandeur \u00c9m\u00e9rite.Isabelle For\u00eat.<\/figcaption><\/figure>\n\n\n\n<p>The <strong>extension of the Congress<\/strong> took the 120 or so registered participants to the Lisbon and Alentejo region. <\/p>\n\n\n\n<p>A stopover on the way south provided an opportunity to meet the Wine brotherhood of My Lady of the Tagus, of which Pedro Rego is Grand Master, at the Alpiar\u00e7a wine estate, where the Mayor and the President of the Tagus Region Wine Commission welcomed the participants, followed by a superb meal and some fine wine tasting.<\/p>\n\n\n\n<p>June 1 was devoted to a visit to Evora, a UNESCO World Heritage Site, which is preparing to become the European Capital of Culture in 2027. The Wine Brotherhood of the Oenophiles of Alentejo had organised the induction ceremony in the Church of Saint Francis, famous for its collection of azulejos. After a procession in full regalia through the streets of the town, the Mayor of Evora welcomed all the participants for a banquet in the Convent of Espinhero, with a magnificent selection of Alentejo wines offered by local producers. The afternoon concluded with a visit to the neighbouring Cartuxa (\u201cLa Chartreuse\u201d) estate before returning to Lisbon for dinner.<\/p>\n\n\n\n<p>On 2 June, the programme took participants to Oeiras, to the palace of the Marquis of Pombal, whose premises house the cellars of the Carcavalos wines, small-volume mutated wines for which the region is famous. Lunch was held in the gardens in glorious sunshine, with a programme of folk dances organised by the host Wine brotherhood of Carcavalos. On the way back, stops at the Belem Tower and the \u201cMonument of Discoveries\u201d provided an opportunity to recall the glorious past of the Portuguese explorers of the 15th and 16th centuries. The extension ended with a gala dinner at the famous Casino de l&#8217;Estoril, hosted by the local council.<\/p>\n\n\n\n<p><a href=\"https:\/\/winebrotherhoods.org\/wp-content\/uploads\/2023\/07\/Claire_Cuccio_article_EN_REVAJB.pdf\">Click here<\/a> to access <em>the &#8220;travel diary of a participant: Claire Cuccio, Gentle Lady, Knights of the Vine of America &#8220;<\/em><\/p>\n\n\n\n<figure class=\"wp-block-image aligncenter size-large\"><img loading=\"lazy\" decoding=\"async\" width=\"1024\" height=\"576\" src=\"https:\/\/winebrotherhoods.org\/wp-content\/uploads\/2023\/07\/Richard-and-Claire-1024x576.jpg\" alt=\"\" class=\"wp-image-6124\" srcset=\"https:\/\/winebrotherhoods.org\/wp-content\/uploads\/2023\/07\/Richard-and-Claire-1024x576.jpg 1024w, https:\/\/winebrotherhoods.org\/wp-content\/uploads\/2023\/07\/Richard-and-Claire-300x169.jpg 300w, https:\/\/winebrotherhoods.org\/wp-content\/uploads\/2023\/07\/Richard-and-Claire-768x432.jpg 768w, https:\/\/winebrotherhoods.org\/wp-content\/uploads\/2023\/07\/Richard-and-Claire-1536x864.jpg 1536w, https:\/\/winebrotherhoods.org\/wp-content\/uploads\/2023\/07\/Richard-and-Claire.jpg 1600w\" sizes=\"(max-width: 1024px) 100vw, 1024px\" \/><figcaption class=\"wp-element-caption\"><em>Claire <em>Cuccio<\/em><\/em> <em>and her husband Richard Abelkis on the boat crossing the Douro during the Porto parade<\/em><\/figcaption><\/figure>\n\n\n\n<p><a href=\"https:\/\/winebrotherhoods.org\/wp-content\/uploads\/2023\/01\/52-International-Congress-of-Wines-Brotherhoods-FICB-2023_Programme_Final_EN.pdf\">Summary programme of F.I.C.B. Congress 2023<\/a><\/p>\n\n\n\n<p><\/p>\n","protected":false},"excerpt":{"rendered":"<p>The 52nd F.I.C.B. International Congress opened on Saturday 27 May with a speech by the President of the Portuguese Republic Marcelo Rebelo de Sousa and a message from Eduardo-Vitor Rodrigues, [&hellip;]<\/p>\n","protected":false},"author":4,"featured_media":6041,"comment_status":"closed","ping_status":"closed","sticky":false,"template":"","format":"standard","meta":{"_jetpack_memberships_contains_paid_content":false,"footnotes":""},"categories":[53,51,72],"tags":[],"class_list":["post-4311","post","type-post","status-publish","format-standard","has-post-thumbnail","hentry","category-congress","category-ficb-events","category-prime"],"jetpack_featured_media_url":"https:\/\/winebrotherhoods.org\/wp-content\/uploads\/2023\/05\/FICB_Congres_20232_Viana_groupe_2.jpg","jetpack_sharing_enabled":true,"post_mailing_queue_ids":[],"_links":{"self":[{"href":"https:\/\/winebrotherhoods.org\/en\/wp-json\/wp\/v2\/posts\/4311","targetHints":{"allow":["GET"]}}],"collection":[{"href":"https:\/\/winebrotherhoods.org\/en\/wp-json\/wp\/v2\/posts"}],"about":[{"href":"https:\/\/winebrotherhoods.org\/en\/wp-json\/wp\/v2\/types\/post"}],"author":[{"embeddable":true,"href":"https:\/\/winebrotherhoods.org\/en\/wp-json\/wp\/v2\/users\/4"}],"replies":[{"embeddable":true,"href":"https:\/\/winebrotherhoods.org\/en\/wp-json\/wp\/v2\/comments?post=4311"}],"version-history":[{"count":26,"href":"https:\/\/winebrotherhoods.org\/en\/wp-json\/wp\/v2\/posts\/4311\/revisions"}],"predecessor-version":[{"id":6140,"href":"https:\/\/winebrotherhoods.org\/en\/wp-json\/wp\/v2\/posts\/4311\/revisions\/6140"}],"wp:featuredmedia":[{"embeddable":true,"href":"https:\/\/winebrotherhoods.org\/en\/wp-json\/wp\/v2\/media\/6041"}],"wp:attachment":[{"href":"https:\/\/winebrotherhoods.org\/en\/wp-json\/wp\/v2\/media?parent=4311"}],"wp:term":[{"taxonomy":"category","embeddable":true,"href":"https:\/\/winebrotherhoods.org\/en\/wp-json\/wp\/v2\/categories?post=4311"},{"taxonomy":"post_tag","embeddable":true,"href":"https:\/\/winebrotherhoods.org\/en\/wp-json\/wp\/v2\/tags?post=4311"}],"curies":[{"name":"wp","href":"https:\/\/api.w.org\/{rel}","templated":true}]}}